{"id":991,"date":"2017-01-05T11:48:09","date_gmt":"2017-01-05T09:48:09","guid":{"rendered":"http:\/\/ccr.cat\/el-programa-de-suport-vital-a-les-escoles-ha-complert-nou-anys-amb-mes-de-100-000-alumnes\/"},"modified":"2023-05-05T11:16:16","modified_gmt":"2023-05-05T09:16:16","slug":"el-programa-de-suport-vital-a-les-escoles-ha-complert-nou-anys-amb-mes-de-100-000-alumnes","status":"publish","type":"post","link":"https:\/\/ccr.cat\/es\/el-programa-de-suport-vital-a-les-escoles-ha-complert-nou-anys-amb-mes-de-100-000-alumnes\/","title":{"rendered":"El programa de Suport vital a les escoles ha complert nou anys amb m\u00e9s de 100.000 alumnes"},"content":{"rendered":"<p>M\u00e9s de 100.000 alumnes han seguit la formaci\u00f3 en el darrer curs 2016-2017. Per al proper curs 2017-2018 seran m\u00e9s de 150.000 repartits en 510 centres I 1150 professors participants.<\/p>\n<p>M\u00e9s detalls a l&#8217;arxiu adjunt.<\/p>\n","protected":false},"excerpt":{"rendered":"<p>M\u00e9s de 100.000 alumnes han seguit la formaci\u00f3 en el darrer curs 2016-2017. Per al proper curs 2017-2018 seran m\u00e9s de 150.000 repartits en 510 centres I 1150 professors participants. M\u00e9s detalls a l&#8217;arxiu adjunt.<\/p>\n","protected":false},"author":1,"featured_media":0,"comment_status":"closed","ping_status":"open","sticky":false,"template":"","format":"standard","meta":{"_acf_changed":false,"footnotes":""},"categories":[27],"tags":[],"class_list":["post-991","post","type-post","status-publish","format-standard","hentry","category-centres-educatius-es"],"acf":[],"_links":{"self":[{"href":"https:\/\/ccr.cat\/es\/wp-json\/wp\/v2\/posts\/991","targetHints":{"allow":["GET"]}}],"collection":[{"href":"https:\/\/ccr.cat\/es\/wp-json\/wp\/v2\/posts"}],"about":[{"href":"https:\/\/ccr.cat\/es\/wp-json\/wp\/v2\/types\/post"}],"author":[{"embeddable":true,"href":"https:\/\/ccr.cat\/es\/wp-json\/wp\/v2\/users\/1"}],"replies":[{"embeddable":true,"href":"https:\/\/ccr.cat\/es\/wp-json\/wp\/v2\/comments?post=991"}],"version-history":[{"count":1,"href":"https:\/\/ccr.cat\/es\/wp-json\/wp\/v2\/posts\/991\/revisions"}],"predecessor-version":[{"id":1289,"href":"https:\/\/ccr.cat\/es\/wp-json\/wp\/v2\/posts\/991\/revisions\/1289"}],"wp:attachment":[{"href":"https:\/\/ccr.cat\/es\/wp-json\/wp\/v2\/media?parent=991"}],"wp:term":[{"taxonomy":"category","embeddable":true,"href":"https:\/\/ccr.cat\/es\/wp-json\/wp\/v2\/categories?post=991"},{"taxonomy":"post_tag","embeddable":true,"href":"https:\/\/ccr.cat\/es\/wp-json\/wp\/v2\/tags?post=991"}],"curies":[{"name":"wp","href":"https:\/\/api.w.org\/{rel}","templated":true}]}}