{"id":3855,"date":"2017-01-05T11:17:38","date_gmt":"2017-01-05T09:17:38","guid":{"rendered":"http:\/\/ccr.cat\/el-departament-dinterior-atorga-una-distincio-collectiva-al-consell-catala-de-ressuscitacio\/"},"modified":"2023-05-05T11:16:16","modified_gmt":"2023-05-05T09:16:16","slug":"el-departament-dinterior-atorga-una-distincio-collectiva-al-consell-catala-de-ressuscitacio","status":"publish","type":"post","link":"https:\/\/ccr.cat\/es\/el-departament-dinterior-atorga-una-distincio-collectiva-al-consell-catala-de-ressuscitacio\/","title":{"rendered":"El Departament d\u2019Interior atorga una distinci\u00f3 col\u00b7lectiva al Consell Catal\u00e0 de Ressuscitaci\u00f3"},"content":{"rendered":"<p>El Honorable Sr. Jordi Jan\u00e9 i Guasch, Conseller d\u2019Interior i President de l\u2019Institut de Seguretat P\u00fablica de Catalunya (ISPC), d\u2019acord amb el que estableix el Decret 135\/2014 amb la finalitat de reconeixer especials mereixements, circumst\u00e0ncies o serveis prestats d\u2019aquelles persones que, de manera individual o col\u00b7lectiva han col\u00b7laborat amb l\u2019Institut en les funcions de formaci\u00f3, estudi i recerca cient\u00edfica en l\u2019\u00e0mbit de la seguretat o s\u2019han distingit de manera destacada en aquest \u00e0mbits, amb data de 28 d\u2019octubre de 2015 ha resolt:<\/p>\n<p>Atorgar la\u00a0distinci\u00f3 col\u00b7lectiva al Consell Catal\u00e0 de Ressucitaci\u00f3\u00a0per haver assessorat, colaborat i participat , juntament amb l\u2019ISPC en el disseny dels continguts del curs semipresencial de Suport Vital B\u00e0sic i Desfibril\u00b7laci\u00f3 externa automatitzada i innovar en l\u2019\u00e0mbit europeu aquesta modalitzat de formaci\u00f3 model que ha comportat la realitzaci\u00f3 d\u2019un estudi pilot i la corresponent avaluaci\u00f3.<\/p>\n","protected":false},"excerpt":{"rendered":"<p>El Honorable Sr. Jordi Jan\u00e9 i Guasch, Conseller d\u2019Interior i President de l\u2019Institut de Seguretat P\u00fablica de Catalunya (ISPC), d\u2019acord amb el que estableix el Decret 135\/2014 amb la finalitat de reconeixer especials mereixements, circumst\u00e0ncies o serveis prestats d\u2019aquelles persones que, de manera individual o col\u00b7lectiva han col\u00b7laborat amb l\u2019Institut en les funcions de formaci\u00f3, &hellip; <a href=\"https:\/\/ccr.cat\/es\/el-departament-dinterior-atorga-una-distincio-collectiva-al-consell-catala-de-ressuscitacio\/\" class=\"more-link\">Seguir leyendo <span class=\"screen-reader-text\">El Departament d\u2019Interior atorga una distinci\u00f3 col\u00b7lectiva al Consell Catal\u00e0 de Ressuscitaci\u00f3<\/span> <span class=\"meta-nav\">&rarr;<\/span><\/a><\/p>\n","protected":false},"author":1,"featured_media":0,"comment_status":"closed","ping_status":"open","sticky":false,"template":"","format":"standard","meta":{"_acf_changed":false,"footnotes":""},"categories":[3],"tags":[],"class_list":["post-3855","post","type-post","status-publish","format-standard","hentry","category-sin-categorizar"],"acf":[],"_links":{"self":[{"href":"https:\/\/ccr.cat\/es\/wp-json\/wp\/v2\/posts\/3855","targetHints":{"allow":["GET"]}}],"collection":[{"href":"https:\/\/ccr.cat\/es\/wp-json\/wp\/v2\/posts"}],"about":[{"href":"https:\/\/ccr.cat\/es\/wp-json\/wp\/v2\/types\/post"}],"author":[{"embeddable":true,"href":"https:\/\/ccr.cat\/es\/wp-json\/wp\/v2\/users\/1"}],"replies":[{"embeddable":true,"href":"https:\/\/ccr.cat\/es\/wp-json\/wp\/v2\/comments?post=3855"}],"version-history":[{"count":1,"href":"https:\/\/ccr.cat\/es\/wp-json\/wp\/v2\/posts\/3855\/revisions"}],"predecessor-version":[{"id":3901,"href":"https:\/\/ccr.cat\/es\/wp-json\/wp\/v2\/posts\/3855\/revisions\/3901"}],"wp:attachment":[{"href":"https:\/\/ccr.cat\/es\/wp-json\/wp\/v2\/media?parent=3855"}],"wp:term":[{"taxonomy":"category","embeddable":true,"href":"https:\/\/ccr.cat\/es\/wp-json\/wp\/v2\/categories?post=3855"},{"taxonomy":"post_tag","embeddable":true,"href":"https:\/\/ccr.cat\/es\/wp-json\/wp\/v2\/tags?post=3855"}],"curies":[{"name":"wp","href":"https:\/\/api.w.org\/{rel}","templated":true}]}}