{"id":3829,"date":"2020-03-03T10:59:50","date_gmt":"2020-03-03T08:59:50","guid":{"rendered":"http:\/\/ccr.cat\/nota-del-ce-del-ccr-en-relacio-als-cursos-de-suport-vital\/"},"modified":"2023-05-05T11:16:14","modified_gmt":"2023-05-05T09:16:14","slug":"nota-del-ce-del-ccr-en-relacio-als-cursos-de-suport-vital","status":"publish","type":"post","link":"https:\/\/ccr.cat\/es\/nota-del-ce-del-ccr-en-relacio-als-cursos-de-suport-vital\/","title":{"rendered":"Nota del CCR en relaci\u00f3 al CoVID-19 a la llum de les noves recomanacions en els cursos de Suport Vital"},"content":{"rendered":"<p><em>El Comit\u00e8 Executiu del Consell Catal\u00e0 de Ressuscitaci\u00f3, seguint les directrius de les autoritats sanit\u00e0ries, \u00a0Ministeri de Sanitat, Departament de Salut, Organitzaci\u00f3 M\u00e8dica Col\u00b7legial, Consell General d\u2019Infermeria, recomanem suspendre els seminaris i cursos de formaci\u00f3 \u00a0per als <strong>professionals sanitaris<\/strong> fora de la programaci\u00f3 habitual dels seus serveis, amb la finalitat de garantir la disponibilitat d\u2019aquest col\u00b7lectiu en els seus serveis assistencials habituals i evitar que\u00a0 puguin actuar com a transmissors de la malaltia per COVID-19 a la poblaci\u00f3 m\u00e9s vulnerable.<\/em><\/p>\n<p><em>\u00a0<\/em><em>Comit\u00e8 Executiu del CCR<\/em><\/p>\n<p>&nbsp;<\/p>\n<p>Per la resta de cursos de Ciutadania haurien de fer servir les recomanacions :<\/p>\n<p><em>En relaci\u00f3 a la formaci\u00f3 de persones en suport vital, on una de les habilitats principals \u00e9s l\u2019aprenentatge de la respiraci\u00f3 boca a boca, consultats els experts, podem fer les seg\u00fcents recomanacions:<\/em><\/p>\n<ol>\n<li><em>1.\u00a0\u00a0\u00a0\u00a0\u00a0\u00a0 La recomanaci\u00f3 d\u2019anular els cursos de SVB, SVB i DEA, SVI o SVA , EPBLS, EPILS i EPALS per a evitar la propagaci\u00f3 de la malaltia produ\u00efda pel virus SARS-CoV2\u00a0 no seria adient donada la circumst\u00e0ncia que els cursos s\u00f3n activitats de \u201cpetit format\u201d que congreguen com a molt de 6 a 24 persones.\u00a0 La recomanaci\u00f3 que s\u2019est\u00e0 estenent a diferents comunitats fa refer\u00e8ncia a la\u00a0 limitaci\u00f3 de congressos o cursos de centenars o milers de professionals.<\/em><\/li>\n<li><em>2.\u00a0\u00a0\u00a0\u00a0\u00a0\u00a0 \u00a0La formaci\u00f3 de l\u2019habilitat del boca a boca pot fer-se sense por extremant, aix\u00f2 s\u00ed, les mesures higi\u00e8niques, que b\u00e0sicament consisteixen en usar protector individual per a fer les ventilacions i de desinfectar amb tovalloles\u00a0 desinfectants o gels hidroalcoh\u00f2lics\u00a0 la boca i els voltants de la boca del maniqu\u00ed despr\u00e9s de que cada instructor o alumne hagi fet la seva pr\u00e0ctica.<\/em><\/li>\n<li><em>3.\u00a0\u00a0\u00a0\u00a0\u00a0\u00a0 Aconsellem tamb\u00e9 que en cas que es presenti un instructor o alumne amb febre o s\u00edmptomes suggerents d\u2019infecci\u00f3 respirat\u00f2ria, s\u2019abstingui de fer el curs.<\/em><\/li>\n<\/ol>\n<p><em>\u00c9s per aix\u00f2 que des del CCR no aconsellem de forma sistem\u00e0tica la cancel\u00b7laci\u00f3 dels cursos de suport vital per\u00f2 recordem la necessitat de seguir les recomanacions higi\u00e8niques necess\u00e0ries.<\/em><\/p>\n<p><em>En darrera inst\u00e0ncia deixem al criteri de les entitats \u00a0organitzadores la possibilitat de convocar o desconvocar els cursos.<\/em><\/p>\n","protected":false},"excerpt":{"rendered":"<p>El Comit\u00e8 Executiu del Consell Catal\u00e0 de Ressuscitaci\u00f3, seguint les directrius de les autoritats sanit\u00e0ries, \u00a0Ministeri de Sanitat, Departament de Salut, Organitzaci\u00f3 M\u00e8dica Col\u00b7legial, Consell General d\u2019Infermeria, recomanem suspendre els seminaris i cursos de formaci\u00f3 \u00a0per als professionals sanitaris fora de la programaci\u00f3 habitual dels seus serveis, amb la finalitat de garantir la disponibilitat d\u2019aquest &hellip; <a href=\"https:\/\/ccr.cat\/es\/nota-del-ce-del-ccr-en-relacio-als-cursos-de-suport-vital\/\" class=\"more-link\">Seguir leyendo <span class=\"screen-reader-text\">Nota del CCR en relaci\u00f3 al CoVID-19 a la llum de les noves recomanacions en els cursos de Suport Vital<\/span> <span class=\"meta-nav\">&rarr;<\/span><\/a><\/p>\n","protected":false},"author":3,"featured_media":0,"comment_status":"closed","ping_status":"closed","sticky":false,"template":"","format":"standard","meta":{"_acf_changed":false,"footnotes":""},"categories":[19,27,20,3],"tags":[],"class_list":["post-3829","post","type-post","status-publish","format-standard","hentry","category-activitat-ccr-es","category-centres-educatius-es","category-salut-ccr-es","category-sin-categorizar"],"acf":[],"_links":{"self":[{"href":"https:\/\/ccr.cat\/es\/wp-json\/wp\/v2\/posts\/3829","targetHints":{"allow":["GET"]}}],"collection":[{"href":"https:\/\/ccr.cat\/es\/wp-json\/wp\/v2\/posts"}],"about":[{"href":"https:\/\/ccr.cat\/es\/wp-json\/wp\/v2\/types\/post"}],"author":[{"embeddable":true,"href":"https:\/\/ccr.cat\/es\/wp-json\/wp\/v2\/users\/3"}],"replies":[{"embeddable":true,"href":"https:\/\/ccr.cat\/es\/wp-json\/wp\/v2\/comments?post=3829"}],"version-history":[{"count":1,"href":"https:\/\/ccr.cat\/es\/wp-json\/wp\/v2\/posts\/3829\/revisions"}],"predecessor-version":[{"id":3875,"href":"https:\/\/ccr.cat\/es\/wp-json\/wp\/v2\/posts\/3829\/revisions\/3875"}],"wp:attachment":[{"href":"https:\/\/ccr.cat\/es\/wp-json\/wp\/v2\/media?parent=3829"}],"wp:term":[{"taxonomy":"category","embeddable":true,"href":"https:\/\/ccr.cat\/es\/wp-json\/wp\/v2\/categories?post=3829"},{"taxonomy":"post_tag","embeddable":true,"href":"https:\/\/ccr.cat\/es\/wp-json\/wp\/v2\/tags?post=3829"}],"curies":[{"name":"wp","href":"https:\/\/api.w.org\/{rel}","templated":true}]}}