{"id":3827,"date":"2021-05-26T10:31:27","date_gmt":"2021-05-26T08:31:27","guid":{"rendered":"http:\/\/ccr.cat\/acte-de-presa-de-possessio-nou-president-del-ccr-i-acomiadament-del-dr-cerda\/"},"modified":"2023-05-05T11:16:14","modified_gmt":"2023-05-05T09:16:14","slug":"acte-de-presa-de-possessio-nou-president-del-ccr-i-acomiadament-del-dr-cerda","status":"publish","type":"post","link":"https:\/\/ccr.cat\/es\/acte-de-presa-de-possessio-nou-president-del-ccr-i-acomiadament-del-dr-cerda\/","title":{"rendered":"Acte de presa de possessi\u00f3 nou President del CCR i acomiadament del Dr. Cerd\u00e0"},"content":{"rendered":"<p>Dimarts, 25 de mar\u00e7 2021, a tingut lloc l&#8217;acte de presa de possessi\u00f3 del nou President del CCR, Dr. Lluis Mayol, nomenat per la Junta del Consell el passat\u00a0dia 7 d&#8217;abril.<\/p>\n<p>El Dr. Cerd\u00e0, president des del 2003 al 2021,\u00a0s&#8217;acomiada\u00a0 expressant el seu agra\u00efment a tots\u00a0 aquells (membres representants de les Societats cient\u00edfiques que formen el CCR, del Comit\u00e8 directiu, els instructor del CCR, les entitats associades i les col\u00b7laboradores) que han participat\u00a0 i fet possible\u00a0 la tasca realitzada. Sense la seva implicaci\u00f3 no s\u2019hagu\u00e9s arribat a promoure el Suport Vital arreu de tot Catalunya.<\/p>\n<p>&nbsp;<\/p>\n","protected":false},"excerpt":{"rendered":"<p>Dimarts, 25 de mar\u00e7 2021, a tingut lloc l&#8217;acte de presa de possessi\u00f3 del nou President del CCR, Dr. Lluis Mayol, nomenat per la Junta del Consell el passat\u00a0dia 7 d&#8217;abril. El Dr. Cerd\u00e0, president des del 2003 al 2021,\u00a0s&#8217;acomiada\u00a0 expressant el seu agra\u00efment a tots\u00a0 aquells (membres representants de les Societats cient\u00edfiques que formen &hellip; <a href=\"https:\/\/ccr.cat\/es\/acte-de-presa-de-possessio-nou-president-del-ccr-i-acomiadament-del-dr-cerda\/\" class=\"more-link\">Seguir leyendo <span class=\"screen-reader-text\">Acte de presa de possessi\u00f3 nou President del CCR i acomiadament del Dr. Cerd\u00e0<\/span> <span class=\"meta-nav\">&rarr;<\/span><\/a><\/p>\n","protected":false},"author":3,"featured_media":0,"comment_status":"closed","ping_status":"closed","sticky":false,"template":"","format":"standard","meta":{"_acf_changed":false,"footnotes":""},"categories":[3],"tags":[],"class_list":["post-3827","post","type-post","status-publish","format-standard","hentry","category-sin-categorizar"],"acf":[],"_links":{"self":[{"href":"https:\/\/ccr.cat\/es\/wp-json\/wp\/v2\/posts\/3827","targetHints":{"allow":["GET"]}}],"collection":[{"href":"https:\/\/ccr.cat\/es\/wp-json\/wp\/v2\/posts"}],"about":[{"href":"https:\/\/ccr.cat\/es\/wp-json\/wp\/v2\/types\/post"}],"author":[{"embeddable":true,"href":"https:\/\/ccr.cat\/es\/wp-json\/wp\/v2\/users\/3"}],"replies":[{"embeddable":true,"href":"https:\/\/ccr.cat\/es\/wp-json\/wp\/v2\/comments?post=3827"}],"version-history":[{"count":1,"href":"https:\/\/ccr.cat\/es\/wp-json\/wp\/v2\/posts\/3827\/revisions"}],"predecessor-version":[{"id":3873,"href":"https:\/\/ccr.cat\/es\/wp-json\/wp\/v2\/posts\/3827\/revisions\/3873"}],"wp:attachment":[{"href":"https:\/\/ccr.cat\/es\/wp-json\/wp\/v2\/media?parent=3827"}],"wp:term":[{"taxonomy":"category","embeddable":true,"href":"https:\/\/ccr.cat\/es\/wp-json\/wp\/v2\/categories?post=3827"},{"taxonomy":"post_tag","embeddable":true,"href":"https:\/\/ccr.cat\/es\/wp-json\/wp\/v2\/tags?post=3827"}],"curies":[{"name":"wp","href":"https:\/\/api.w.org\/{rel}","templated":true}]}}