{"id":3819,"date":"2022-07-06T10:31:55","date_gmt":"2022-07-06T08:31:55","guid":{"rendered":"http:\/\/ccr.cat\/5o-congreso-nacional-del-consejo-espanol-de-rcp\/"},"modified":"2023-05-05T11:16:14","modified_gmt":"2023-05-05T09:16:14","slug":"5o-congreso-nacional-del-consejo-espanol-de-rcp","status":"publish","type":"post","link":"https:\/\/ccr.cat\/es\/5o-congreso-nacional-del-consejo-espanol-de-rcp\/","title":{"rendered":"5\u00ba Congreso Nacional del Consejo Espa\u00f1ol de RCP"},"content":{"rendered":"<p>Tendr\u00e1 lugar en M\u00e1laga los d\u00edas 25 y 26 de noviembre de 2022<\/p>\n","protected":false},"excerpt":{"rendered":"<p>Tendr\u00e1 lugar en M\u00e1laga los d\u00edas 25 y 26 de noviembre de 2022<\/p>\n","protected":false},"author":3,"featured_media":0,"comment_status":"closed","ping_status":"closed","sticky":false,"template":"","format":"standard","meta":{"_acf_changed":false,"footnotes":""},"categories":[19,20,3],"tags":[],"class_list":["post-3819","post","type-post","status-publish","format-standard","hentry","category-activitat-ccr-es","category-salut-ccr-es","category-sin-categorizar"],"acf":[],"_links":{"self":[{"href":"https:\/\/ccr.cat\/es\/wp-json\/wp\/v2\/posts\/3819","targetHints":{"allow":["GET"]}}],"collection":[{"href":"https:\/\/ccr.cat\/es\/wp-json\/wp\/v2\/posts"}],"about":[{"href":"https:\/\/ccr.cat\/es\/wp-json\/wp\/v2\/types\/post"}],"author":[{"embeddable":true,"href":"https:\/\/ccr.cat\/es\/wp-json\/wp\/v2\/users\/3"}],"replies":[{"embeddable":true,"href":"https:\/\/ccr.cat\/es\/wp-json\/wp\/v2\/comments?post=3819"}],"version-history":[{"count":1,"href":"https:\/\/ccr.cat\/es\/wp-json\/wp\/v2\/posts\/3819\/revisions"}],"predecessor-version":[{"id":3865,"href":"https:\/\/ccr.cat\/es\/wp-json\/wp\/v2\/posts\/3819\/revisions\/3865"}],"wp:attachment":[{"href":"https:\/\/ccr.cat\/es\/wp-json\/wp\/v2\/media?parent=3819"}],"wp:term":[{"taxonomy":"category","embeddable":true,"href":"https:\/\/ccr.cat\/es\/wp-json\/wp\/v2\/categories?post=3819"},{"taxonomy":"post_tag","embeddable":true,"href":"https:\/\/ccr.cat\/es\/wp-json\/wp\/v2\/tags?post=3819"}],"curies":[{"name":"wp","href":"https:\/\/api.w.org\/{rel}","templated":true}]}}